{"id":1622,"date":"2026-04-30T08:29:29","date_gmt":"2026-04-30T13:29:29","guid":{"rendered":"https:\/\/balancelegal.co\/?p=1622"},"modified":"2026-04-30T08:29:29","modified_gmt":"2026-04-30T13:29:29","slug":"52-estudiante","status":"publish","type":"post","link":"https:\/\/balancelegal.co\/?p=1622","title":{"rendered":"52-ESTUDIANTE"},"content":{"rendered":"\n<h2 class=\"wp-block-heading\">\u00bfPuede existir una madre sin serlo por sangre? La Corte Suprema explica qu\u00e9 es la familia de crianza<\/h2>\n\n\n\n<p>Durante a\u00f1os, a los estudiantes de Derecho se les ense\u00f1\u00f3 que la familia se defin\u00eda principalmente por la biolog\u00eda o por actos jur\u00eddicos formales como el matrimonio o la adopci\u00f3n. Sin embargo, la realidad social ha demostrado que muchas familias se construyen de otra manera: con cuidado, afecto y responsabilidad diaria. La sentencia SC1702-2025 de la Corte Suprema de Justicia es una clase magistral sobre esta realidad.<\/p>\n\n\n\n<h2 class=\"wp-block-heading\">El caso que lleg\u00f3 a la Corte<\/h2>\n\n\n\n<p>El proceso fue promovido por una mujer que, tras la muerte de su sobrino, asumi\u00f3 de manera constante y responsable el cuidado de sus dos hijos menores de edad. Aunque los ni\u00f1os conservaban el v\u00ednculo biol\u00f3gico con su madre, la demandante ejerci\u00f3 durante a\u00f1os funciones propias de la maternidad: asumi\u00f3 gastos, acompa\u00f1\u00f3 su formaci\u00f3n acad\u00e9mica y estuvo presente en los momentos m\u00e1s importantes de su vida.<\/p>\n\n\n\n<p>Con base en esa realidad, solicit\u00f3 que se declarara judicialmente la existencia de una relaci\u00f3n de familia de crianza y que dicha condici\u00f3n se reflejara en los registros civiles de los menores.<\/p>\n\n\n\n<h2 class=\"wp-block-heading\">\u00bfQu\u00e9 es la familia de crianza?<\/h2>\n\n\n\n<p>La Corte Suprema explic\u00f3 que la familia de crianza surge cuando una persona, distinta a los padres biol\u00f3gicos, asume de manera voluntaria, permanente y responsable el cuidado integral de un ni\u00f1o, ni\u00f1a o adolescente.<\/p>\n\n\n\n<p>No se trata de una ayuda ocasional ni de un simple apoyo econ\u00f3mico. La crianza implica asumir funciones parentales reales: alimentaci\u00f3n, educaci\u00f3n, acompa\u00f1amiento emocional, cuidado en salud y formaci\u00f3n personal.<\/p>\n\n\n\n<h2 class=\"wp-block-heading\">Un punto clave: crianza no es lo mismo que filiaci\u00f3n<\/h2>\n\n\n\n<p>Una de las lecciones m\u00e1s importantes para los estudiantes es la distinci\u00f3n que hace la Corte entre familia de crianza y filiaci\u00f3n.<\/p>\n\n\n\n<p>La filiaci\u00f3n define el estado civil de una persona como hijo o hija y genera efectos jur\u00eddicos profundos y estructurales. Por eso, est\u00e1 sometida a reglas estrictas y no puede duplicarse ni fragmentarse.<\/p>\n\n\n\n<p>En cambio, la familia de crianza es una categor\u00eda jur\u00eddica aut\u00f3noma, que protege relaciones socioafectivas reales, pero sin modificar la filiaci\u00f3n biol\u00f3gica cuando esta se mantiene vigente y funcional.<\/p>\n\n\n\n<h2 class=\"wp-block-heading\">\u00bfPor qu\u00e9 la Corte neg\u00f3 la pretensi\u00f3n?<\/h2>\n\n\n\n<p>Aunque la Corte reconoci\u00f3 la existencia de un fuerte v\u00ednculo afectivo entre la demandante y los menores, concluy\u00f3 que no era posible declarar una filiaci\u00f3n de crianza paralela.<\/p>\n\n\n\n<p>La raz\u00f3n fue clara: los ni\u00f1os conservaban una relaci\u00f3n activa y suficiente con su madre biol\u00f3gica, quien ejerc\u00eda efectivamente sus responsabilidades parentales. En estos casos, el Derecho no permite reemplazar ni duplicar la filiaci\u00f3n.<\/p>\n\n\n\n<h2 class=\"wp-block-heading\">La gran ense\u00f1anza para quienes estudian Derecho<\/h2>\n\n\n\n<p>Esta sentencia ense\u00f1a que el Derecho de Familia no se rige \u00fanicamente por emociones o buenas intenciones, sino por equilibrios jur\u00eddicos complejos.<\/p>\n\n\n\n<p>Para un estudiante, la lecci\u00f3n es clara: la familia de crianza existe y merece protecci\u00f3n, pero no siempre conduce al reconocimiento de un nuevo estado civil.<\/p>\n\n\n\n<h2 class=\"wp-block-heading\">Conclusi\u00f3n: una mirada moderna y responsable de la familia<\/h2>\n\n\n\n<p>La sentencia SC1702-2025 reafirma que la familia no es una realidad \u00fanica ni r\u00edgida. El Derecho reconoce los v\u00ednculos socioafectivos y los protege, pero tambi\u00e9n preserva la coherencia del estado civil y la estabilidad de los ni\u00f1os, ni\u00f1as y adolescentes.<\/p>\n\n\n\n<p>Comprender estas distinciones desde la etapa universitaria permite formar abogados m\u00e1s sensibles a la realidad social, pero tambi\u00e9n m\u00e1s rigurosos en su an\u00e1lisis jur\u00eddico.<\/p>\n","protected":false},"excerpt":{"rendered":"<p>\u00bfPuede existir una madre sin serlo por sangre? La Corte Suprema explica qu\u00e9 es la familia de crianza Durante a\u00f1os, a los estudiantes de Derecho se les ense\u00f1\u00f3 que la familia se defin\u00eda principalmente por la biolog\u00eda o por actos jur\u00eddicos formales como el matrimonio o la adopci\u00f3n. Sin embargo, la realidad social ha demostrado<\/p>\n","protected":false},"author":2,"featured_media":0,"comment_status":"open","ping_status":"open","sticky":false,"template":"","format":"standard","meta":{"_uag_custom_page_level_css":"","footnotes":""},"categories":[5],"tags":[],"class_list":["post-1622","post","type-post","status-publish","format-standard","hentry","category-noticias"],"uagb_featured_image_src":{"full":false,"thumbnail":false,"medium":false,"medium_large":false,"large":false,"1536x1536":false,"2048x2048":false,"newsx-150x100":false,"newsx-330x220":false,"newsx-420x280":false,"newsx-510x340":false,"newsx-640x480":false,"newsx-670x370":false,"newsx-860x570":false,"newsx-1000x750":false,"newsx-1200x600":false},"uagb_author_info":{"display_name":"Luis Jimenez","author_link":"https:\/\/balancelegal.co\/?author=2"},"uagb_comment_info":0,"uagb_excerpt":"\u00bfPuede existir una madre sin serlo por sangre? La Corte Suprema explica qu\u00e9 es la familia de crianza Durante a\u00f1os, a los estudiantes de Derecho se les ense\u00f1\u00f3 que la familia se defin\u00eda principalmente por la biolog\u00eda o por actos jur\u00eddicos formales como el matrimonio o la adopci\u00f3n. Sin embargo, la realidad social ha demostrado","_links":{"self":[{"href":"https:\/\/balancelegal.co\/index.php?rest_route=\/wp\/v2\/posts\/1622","targetHints":{"allow":["GET"]}}],"collection":[{"href":"https:\/\/balancelegal.co\/index.php?rest_route=\/wp\/v2\/posts"}],"about":[{"href":"https:\/\/balancelegal.co\/index.php?rest_route=\/wp\/v2\/types\/post"}],"author":[{"embeddable":true,"href":"https:\/\/balancelegal.co\/index.php?rest_route=\/wp\/v2\/users\/2"}],"replies":[{"embeddable":true,"href":"https:\/\/balancelegal.co\/index.php?rest_route=%2Fwp%2Fv2%2Fcomments&post=1622"}],"version-history":[{"count":1,"href":"https:\/\/balancelegal.co\/index.php?rest_route=\/wp\/v2\/posts\/1622\/revisions"}],"predecessor-version":[{"id":1623,"href":"https:\/\/balancelegal.co\/index.php?rest_route=\/wp\/v2\/posts\/1622\/revisions\/1623"}],"wp:attachment":[{"href":"https:\/\/balancelegal.co\/index.php?rest_route=%2Fwp%2Fv2%2Fmedia&parent=1622"}],"wp:term":[{"taxonomy":"category","embeddable":true,"href":"https:\/\/balancelegal.co\/index.php?rest_route=%2Fwp%2Fv2%2Fcategories&post=1622"},{"taxonomy":"post_tag","embeddable":true,"href":"https:\/\/balancelegal.co\/index.php?rest_route=%2Fwp%2Fv2%2Ftags&post=1622"}],"curies":[{"name":"wp","href":"https:\/\/api.w.org\/{rel}","templated":true}]}}