{"id":2568,"date":"2026-09-02T06:26:18","date_gmt":"2026-09-02T11:26:18","guid":{"rendered":"https:\/\/balancelegal.co\/?p=2568"},"modified":"2026-09-02T06:26:18","modified_gmt":"2026-09-02T11:26:18","slug":"100-actualidad-2","status":"publish","type":"post","link":"https:\/\/balancelegal.co\/?p=2568","title":{"rendered":"100-ACTUALIDAD"},"content":{"rendered":"\n<h2 class=\"wp-block-heading\"><strong>La pensi\u00f3n de invalidez no puede perderse entre formalismos: la lecci\u00f3n humana de la T-001 de 2026<\/strong><\/h2>\n\n\n\n<p class=\"wp-block-paragraph\"><strong>Art\u00edculo ciudadano | Balance Legal<\/strong><\/p>\n\n\n\n<p class=\"wp-block-paragraph\"><em>Fuente: Corte Constitucional, Sala Novena de Revisi\u00f3n, Sentencia T-001 de 2026, expediente T-11.282.527, 16 de enero de 2026.<\/em><\/p>\n\n\n\n<p class=\"wp-block-paragraph\">\u2014<\/p>\n\n\n\n<p class=\"wp-block-paragraph\"><strong>Introducci\u00f3n<\/strong><\/p>\n\n\n\n<p class=\"wp-block-paragraph\">Hay decisiones judiciales que recuerdan algo esencial: detr\u00e1s de cada expediente hay una vida concreta. No una cifra, no un tr\u00e1mite, no una historia laboral fr\u00eda, sino una persona que necesita comer, pagar un techo, atender su salud y vivir con dignidad.<\/p>\n\n\n\n<p class=\"wp-block-paragraph\">La Sentencia T-001 de 2026 de la Corte Constitucional es una de esas decisiones. El caso gira alrededor de Juan Mart\u00edn, nombre usado por la Corte para proteger su identidad, un adulto mayor de 89 a\u00f1os, con una p\u00e9rdida de capacidad laboral del 72,84 %, m\u00faltiples afectaciones de salud y sin una pensi\u00f3n que le permitiera sostenerse.<\/p>\n\n\n\n<p class=\"wp-block-paragraph\">Durante a\u00f1os, su discusi\u00f3n con Colpensiones y ante la justicia laboral se concentr\u00f3 en un punto t\u00e9cnico: si pod\u00eda aplic\u00e1rsele el r\u00e9gimen del Acuerdo 049 de 1990, bajo el principio de la condici\u00f3n m\u00e1s beneficiosa, para reconocerle la pensi\u00f3n de invalidez. Pero para la Corte el asunto no pod\u00eda mirarse solo como un debate de semanas cotizadas. En el fondo estaba comprometido su m\u00ednimo vital, su seguridad social, su vida digna y su derecho al debido proceso.<\/p>\n\n\n\n<p class=\"wp-block-paragraph\"><strong>El caso en palabras sencillas<\/strong><\/p>\n\n\n\n<p class=\"wp-block-paragraph\">Juan Mart\u00edn fue calificado por Colpensiones con una p\u00e9rdida de capacidad laboral del 72,84 %, de origen com\u00fan, con fecha de estructuraci\u00f3n del 17 de marzo de 2015. Es decir, oficialmente se reconoci\u00f3 que hab\u00eda perdido m\u00e1s de la mitad de su capacidad para trabajar.<\/p>\n\n\n\n<p class=\"wp-block-paragraph\">El problema surgi\u00f3 cuando pidi\u00f3 la pensi\u00f3n de invalidez. Colpensiones neg\u00f3 la prestaci\u00f3n porque, seg\u00fan la entidad, no cumpl\u00eda con las 50 semanas cotizadas dentro de los tres a\u00f1os anteriores a la fecha de estructuraci\u00f3n de la invalidez. Tambi\u00e9n sostuvo que no era posible aplicar el Acuerdo 049 de 1990, pues consideraba que la condici\u00f3n m\u00e1s beneficiosa solo permit\u00eda acudir a reglas m\u00e1s cercanas en el tiempo.<\/p>\n\n\n\n<p class=\"wp-block-paragraph\">Sin embargo, el expediente mostraba un dato decisivo: Juan Mart\u00edn hab\u00eda cotizado 814 semanas en total, de las cuales 793 fueron anteriores al 1.\u00ba de abril de 1994. Por eso acudi\u00f3 a la justicia laboral. En primera instancia, el Juzgado 004 Laboral del Circuito de Cali le reconoci\u00f3 la pensi\u00f3n de invalidez y orden\u00f3 su pago. Pero en segunda instancia, la Sala Laboral del Tribunal Superior de Cali revoc\u00f3 esa decisi\u00f3n y absolvi\u00f3 a Colpensiones.<\/p>\n\n\n\n<p class=\"wp-block-paragraph\">Ante esa situaci\u00f3n, Juan Mart\u00edn present\u00f3 tutela. Aleg\u00f3 que la decisi\u00f3n judicial hab\u00eda desconocido el precedente de la Corte Constitucional y su condici\u00f3n de sujeto de especial protecci\u00f3n: una persona adulta mayor, con discapacidad, sin ingresos estables y sin posibilidad real de seguir cotizando al sistema.<\/p>\n\n\n\n<p class=\"wp-block-paragraph\"><strong>\u00bfQu\u00e9 significa la condici\u00f3n m\u00e1s beneficiosa?<\/strong><\/p>\n\n\n\n<p class=\"wp-block-paragraph\">Para entender la importancia de esta sentencia, hay que explicar una idea jur\u00eddica con palabras simples. La condici\u00f3n m\u00e1s beneficiosa busca evitar que una persona pierda una expectativa leg\u00edtima por cambios normativos que vuelven m\u00e1s dif\u00edcil acceder a una prestaci\u00f3n.<\/p>\n\n\n\n<p class=\"wp-block-paragraph\">En materia de pensi\u00f3n de invalidez, las reglas han cambiado con el tiempo. Una norma puede exigir cierto n\u00famero de semanas, luego otra puede aumentar o modificar esos requisitos, y despu\u00e9s otra puede imponer nuevas condiciones. El problema aparece cuando una persona ya hab\u00eda construido una expectativa seria bajo una regla anterior, pero cuando se enferma o queda inv\u00e1lida le aplican una norma posterior m\u00e1s exigente.<\/p>\n\n\n\n<p class=\"wp-block-paragraph\">La Corte Constitucional ha dicho que, en ciertos casos, especialmente cuando se trata de personas vulnerables, no se puede desconocer esa expectativa. Si el afiliado cumpli\u00f3 una condici\u00f3n relevante bajo un r\u00e9gimen anterior, como el Acuerdo 049 de 1990, y adem\u00e1s se encuentra en una situaci\u00f3n de especial protecci\u00f3n, el juez debe estudiar si corresponde aplicar esa regla m\u00e1s favorable.<\/p>\n\n\n\n<p class=\"wp-block-paragraph\">Esto no significa que toda persona pueda escoger cualquier norma antigua a conveniencia. Significa que el derecho no puede ser indiferente cuando una reforma legal, sin transici\u00f3n suficiente, termina dejando sin protecci\u00f3n a quien ya hab\u00eda hecho un esfuerzo importante de cotizaci\u00f3n y luego enfrenta una invalidez real.<\/p>\n\n\n\n<p class=\"wp-block-paragraph\"><strong>La Corte corrigi\u00f3 una mirada demasiado formal<\/strong><\/p>\n\n\n\n<p class=\"wp-block-paragraph\">Para la Corte Constitucional, el Tribunal Superior de Cali se equivoc\u00f3 al negar la pensi\u00f3n apoy\u00e1ndose en una postura restrictiva y al apartarse injustificadamente del precedente constitucional. La Sala Novena de Revisi\u00f3n concluy\u00f3 que la decisi\u00f3n judicial incurri\u00f3 en defecto por desconocimiento del precedente y en violaci\u00f3n directa de la Constituci\u00f3n.<\/p>\n\n\n\n<p class=\"wp-block-paragraph\">La Corte record\u00f3 que su l\u00ednea jurisprudencial no limita la condici\u00f3n m\u00e1s beneficiosa al r\u00e9gimen inmediatamente anterior. Por el contrario, permite aplicar de manera ultractiva el Acuerdo 049 de 1990 cuando la persona consolid\u00f3 una expectativa leg\u00edtima bajo ese marco normativo y se encuentra en condiciones de especial protecci\u00f3n.<\/p>\n\n\n\n<p class=\"wp-block-paragraph\">En el caso de Juan Mart\u00edn, la Corte encontr\u00f3 cuatro elementos relevantes: hab\u00eda cotizado las semanas exigidas por el Acuerdo 049 de 1990 antes de su derogatoria; era una persona de la tercera edad; ten\u00eda una p\u00e9rdida significativa de capacidad laboral; carec\u00eda de medios econ\u00f3micos estables para subsistir; y no estaba en condiciones de seguir cotizando.<\/p>\n\n\n\n<p class=\"wp-block-paragraph\">Con base en ello, la Corte dej\u00f3 sin efectos la sentencia del Tribunal Superior de Cali y confirm\u00f3 la decisi\u00f3n de primera instancia que hab\u00eda reconocido la pensi\u00f3n de invalidez. La tutela no se us\u00f3 para abrir una tercera instancia ordinaria, sino para corregir una afectaci\u00f3n grave de derechos fundamentales.<\/p>\n\n\n\n<p class=\"wp-block-paragraph\"><strong>La pensi\u00f3n no es un favor: es una garant\u00eda de dignidad<\/strong><\/p>\n\n\n\n<p class=\"wp-block-paragraph\">Esta providencia tiene un mensaje ciudadano muy fuerte: la pensi\u00f3n de invalidez no puede tratarse como una concesi\u00f3n graciosa del Estado ni como un beneficio secundario. Para una persona que ya no puede trabajar, la pensi\u00f3n puede ser la diferencia entre vivir con dignidad o depender de la caridad.<\/p>\n\n\n\n<p class=\"wp-block-paragraph\">En sede de revisi\u00f3n, Juan Mart\u00edn inform\u00f3 que viv\u00eda solo en un inquilinato, que recib\u00eda el subsidio del Programa Adulto Mayor y que ocasionalmente contaba con ayuda de una vecina para alimentarse. Tambi\u00e9n manifest\u00f3 padecer problemas de salud como artrosis severa, p\u00e9rdida de audici\u00f3n, disminuci\u00f3n visual, diabetes y dolor cr\u00f3nico en la columna.<\/p>\n\n\n\n<p class=\"wp-block-paragraph\">Estos datos fueron importantes porque mostraban que la discusi\u00f3n no era abstracta. Negar la pensi\u00f3n en esas condiciones pod\u00eda afectar directamente su subsistencia. Cuando una persona mayor, enferma y sin ingresos queda atrapada entre tr\u00e1mites, requisitos y decisiones judiciales contradictorias, el derecho debe responder con humanidad y con Constituci\u00f3n.<\/p>\n\n\n\n<p class=\"wp-block-paragraph\">Por eso, la Corte protegi\u00f3 sus derechos al m\u00ednimo vital, a la seguridad social, a la vida digna y al debido proceso. La justicia no puede limitarse a revisar f\u00f3rmulas legales sin mirar la realidad de quien pide protecci\u00f3n.<\/p>\n\n\n\n<p class=\"wp-block-paragraph\"><strong>Consecuencias pr\u00e1cticas<\/strong><\/p>\n\n\n\n<p class=\"wp-block-paragraph\">La Sentencia T-001 de 2026 deja varias lecciones importantes para la ciudadan\u00eda.<\/p>\n\n\n\n<p class=\"wp-block-paragraph\">Primero, una negativa de pensi\u00f3n no siempre es la \u00faltima palabra. Cuando una persona considera que una entidad o una autoridad judicial desconoci\u00f3 sus derechos fundamentales, puede existir una ruta de protecci\u00f3n, especialmente si se trata de adultos mayores, personas con discapacidad o ciudadanos en situaci\u00f3n de debilidad manifiesta.<\/p>\n\n\n\n<p class=\"wp-block-paragraph\">Segundo, las semanas cotizadas antes de cambios normativos pueden ser relevantes. En casos de pensi\u00f3n de invalidez, no basta mirar mec\u00e1nicamente la regla vigente al momento de la estructuraci\u00f3n. Tambi\u00e9n debe revisarse si la persona hab\u00eda consolidado una expectativa leg\u00edtima bajo un r\u00e9gimen anterior.<\/p>\n\n\n\n<p class=\"wp-block-paragraph\">Tercero, el precedente constitucional importa. Los jueces pueden tener criterios jur\u00eddicos distintos, pero no pueden ignorar sin justificaci\u00f3n las reglas fijadas por la Corte Constitucional cuando est\u00e1n en juego derechos fundamentales.<\/p>\n\n\n\n<p class=\"wp-block-paragraph\">Cuarto, la vulnerabilidad de la persona no es un detalle menor. Edad avanzada, discapacidad, falta de ingresos, deterioro de salud y ausencia de medios para seguir cotizando son elementos que deben ser valorados con especial cuidado.<\/p>\n\n\n\n<p class=\"wp-block-paragraph\"><strong>Recomendaciones<\/strong><\/p>\n\n\n\n<p class=\"wp-block-paragraph\">Para quienes est\u00e1n enfrentando una negativa de pensi\u00f3n de invalidez, esta sentencia deja algunas recomendaciones pr\u00e1cticas.<\/p>\n\n\n\n<p class=\"wp-block-paragraph\">Conserve la historia laboral completa, los dict\u00e1menes de p\u00e9rdida de capacidad laboral, las resoluciones de la entidad pensional y las historias cl\u00ednicas relevantes. Estos documentos son fundamentales para demostrar semanas cotizadas, estado de salud y fecha de estructuraci\u00f3n.<\/p>\n\n\n\n<p class=\"wp-block-paragraph\">Revise si hubo cotizaciones importantes bajo reg\u00edmenes anteriores, especialmente antes del 1.\u00ba de abril de 1994. Ese dato puede ser determinante para estudiar la aplicaci\u00f3n de la condici\u00f3n m\u00e1s beneficiosa.<\/p>\n\n\n\n<p class=\"wp-block-paragraph\">No mire el caso solo desde el requisito num\u00e9rico. Tambi\u00e9n es importante documentar la situaci\u00f3n econ\u00f3mica, los gastos b\u00e1sicos, el estado de salud, la edad, la imposibilidad de trabajar y la dependencia de terceros.<\/p>\n\n\n\n<p class=\"wp-block-paragraph\">Y, sobre todo, busque orientaci\u00f3n jur\u00eddica antes de abandonar el reclamo. En materia pensional, una decisi\u00f3n negativa puede esconder una lectura incompleta de la historia laboral o un desconocimiento del precedente constitucional.<\/p>\n\n\n\n<p class=\"wp-block-paragraph\"><strong>Una lecci\u00f3n para las familias<\/strong><\/p>\n\n\n\n<p class=\"wp-block-paragraph\">Muchas personas adultas mayores no tienen la fuerza f\u00edsica, econ\u00f3mica o emocional para enfrentar solas un proceso pensional. Por eso, esta sentencia tambi\u00e9n deja una ense\u00f1anza para las familias: acompa\u00f1ar no significa solamente ayudar con alimentos o medicamentos, sino tambi\u00e9n organizar documentos, hacer seguimiento a las respuestas de la entidad y buscar orientaci\u00f3n cuando una negativa parece injusta.<\/p>\n\n\n\n<p class=\"wp-block-paragraph\">En estos casos, cada papel cuenta. Una historia laboral incompleta, un dictamen que no se entiende, una resoluci\u00f3n que no se controvierte a tiempo o una sentencia que desconoce la situaci\u00f3n real de la persona pueden marcar la diferencia entre recibir protecci\u00f3n o quedar en abandono.<\/p>\n\n\n\n<p class=\"wp-block-paragraph\">La Corte mostr\u00f3 que la vulnerabilidad debe mirarse de manera integral. No basta preguntar si la persona tiene una calificaci\u00f3n de invalidez. Tambi\u00e9n importa saber c\u00f3mo vive, de qu\u00e9 ingresos depende, qu\u00e9 gastos tiene, qu\u00e9 enfermedades padece y si puede o no seguir trabajando o cotizando.<\/p>\n\n\n\n<p class=\"wp-block-paragraph\"><strong>Conclusi\u00f3n<\/strong><\/p>\n\n\n\n<p class=\"wp-block-paragraph\">La Sentencia T-001 de 2026 no es solo una decisi\u00f3n sobre semanas cotizadas. Es una providencia sobre la dignidad de una persona que trabaj\u00f3, aport\u00f3 al sistema y, cuando m\u00e1s necesit\u00f3 protecci\u00f3n, recibi\u00f3 respuestas formales que no miraban suficientemente su realidad.<\/p>\n\n\n\n<p class=\"wp-block-paragraph\">La Corte Constitucional record\u00f3 que la seguridad social existe para proteger a las personas frente a riesgos como la invalidez, la vejez y la imposibilidad de trabajar. Cuando esos riesgos se concretan, el derecho debe servir para sostener la vida, no para levantar barreras imposibles de superar.<\/p>\n\n\n\n<p class=\"wp-block-paragraph\">El mensaje es claro: los cambios en la ley no pueden borrar de manera injustificada las expectativas leg\u00edtimas de quienes cotizaron bajo reglas anteriores. Y cuando se trata de una persona mayor, enferma, sin ingresos y con una p\u00e9rdida severa de capacidad laboral, la justicia debe mirar m\u00e1s all\u00e1 del expediente.<\/p>\n\n\n\n<p class=\"wp-block-paragraph\">Porque una pensi\u00f3n de invalidez no es solo un pago mensual. Es alimento, techo, medicamentos, tranquilidad y dignidad. Es la diferencia entre sobrevivir por ayuda ajena o vivir con el respaldo m\u00ednimo que el Estado social de derecho promete proteger.<\/p>\n\n\n\n<p class=\"wp-block-paragraph\">Balance Legal<\/p>\n","protected":false},"excerpt":{"rendered":"<p>La pensi\u00f3n de invalidez no puede perderse entre formalismos: la lecci\u00f3n humana de la T-001 de 2026 Art\u00edculo ciudadano | Balance Legal Fuente: Corte Constitucional, Sala Novena de Revisi\u00f3n, Sentencia T-001 de 2026, expediente T-11.282.527, 16 de enero de 2026. \u2014 Introducci\u00f3n Hay decisiones judiciales que recuerdan algo esencial: detr\u00e1s de cada expediente hay una<\/p>\n","protected":false},"author":2,"featured_media":0,"comment_status":"open","ping_status":"open","sticky":false,"template":"","format":"standard","meta":{"_uag_custom_page_level_css":"","footnotes":""},"categories":[5],"tags":[],"class_list":["post-2568","post","type-post","status-publish","format-standard","hentry","category-noticias"],"uagb_featured_image_src":{"full":false,"thumbnail":false,"medium":false,"medium_large":false,"large":false,"1536x1536":false,"2048x2048":false,"newsx-150x100":false,"newsx-330x220":false,"newsx-420x280":false,"newsx-510x340":false,"newsx-640x480":false,"newsx-670x370":false,"newsx-860x570":false,"newsx-1000x750":false,"newsx-1200x600":false},"uagb_author_info":{"display_name":"Luis Jimenez","author_link":"https:\/\/balancelegal.co\/?author=2"},"uagb_comment_info":0,"uagb_excerpt":"La pensi\u00f3n de invalidez no puede perderse entre formalismos: la lecci\u00f3n humana de la T-001 de 2026 Art\u00edculo ciudadano | Balance Legal Fuente: Corte Constitucional, Sala Novena de Revisi\u00f3n, Sentencia T-001 de 2026, expediente T-11.282.527, 16 de enero de 2026. \u2014 Introducci\u00f3n Hay decisiones judiciales que recuerdan algo esencial: detr\u00e1s de cada expediente hay una","_links":{"self":[{"href":"https:\/\/balancelegal.co\/index.php?rest_route=\/wp\/v2\/posts\/2568","targetHints":{"allow":["GET"]}}],"collection":[{"href":"https:\/\/balancelegal.co\/index.php?rest_route=\/wp\/v2\/posts"}],"about":[{"href":"https:\/\/balancelegal.co\/index.php?rest_route=\/wp\/v2\/types\/post"}],"author":[{"embeddable":true,"href":"https:\/\/balancelegal.co\/index.php?rest_route=\/wp\/v2\/users\/2"}],"replies":[{"embeddable":true,"href":"https:\/\/balancelegal.co\/index.php?rest_route=%2Fwp%2Fv2%2Fcomments&post=2568"}],"version-history":[{"count":1,"href":"https:\/\/balancelegal.co\/index.php?rest_route=\/wp\/v2\/posts\/2568\/revisions"}],"predecessor-version":[{"id":2569,"href":"https:\/\/balancelegal.co\/index.php?rest_route=\/wp\/v2\/posts\/2568\/revisions\/2569"}],"wp:attachment":[{"href":"https:\/\/balancelegal.co\/index.php?rest_route=%2Fwp%2Fv2%2Fmedia&parent=2568"}],"wp:term":[{"taxonomy":"category","embeddable":true,"href":"https:\/\/balancelegal.co\/index.php?rest_route=%2Fwp%2Fv2%2Fcategories&post=2568"},{"taxonomy":"post_tag","embeddable":true,"href":"https:\/\/balancelegal.co\/index.php?rest_route=%2Fwp%2Fv2%2Ftags&post=2568"}],"curies":[{"name":"wp","href":"https:\/\/api.w.org\/{rel}","templated":true}]}}