{"id":2592,"date":"2026-09-04T09:25:30","date_gmt":"2026-09-04T14:25:30","guid":{"rendered":"https:\/\/balancelegal.co\/?p=2592"},"modified":"2026-09-04T09:25:30","modified_gmt":"2026-09-04T14:25:30","slug":"103-litigios","status":"publish","type":"post","link":"https:\/\/balancelegal.co\/?p=2592","title":{"rendered":"103-LITIGIOS"},"content":{"rendered":"\n<h2 class=\"wp-block-heading\"><strong>Desescolarizar no es corregir: la lecci\u00f3n constitucional de la T-004 de 2026 sobre debido proceso escolar<\/strong><\/h2>\n\n\n\n<p class=\"wp-block-paragraph\"><strong>Art\u00edculo para profesionales | Balance Legal<\/strong><\/p>\n\n\n\n<p class=\"wp-block-paragraph\"><em>Fuente: Corte Constitucional, Sala Segunda de Revisi\u00f3n, Sentencia T-004 de 2026, expediente T-11.315.278, 28 de enero de 2026.<\/em><\/p>\n\n\n\n<p class=\"wp-block-paragraph\">\u2014<\/p>\n\n\n\n<p class=\"wp-block-paragraph\"><strong>Introducci\u00f3n<\/strong><\/p>\n\n\n\n<p class=\"wp-block-paragraph\">Hay decisiones que obligan a mirar la disciplina escolar con mayor seriedad constitucional. La Sentencia T-004 de 2026 es una de ellas. En apariencia, el caso pod\u00eda presentarse como un conflicto interno entre una estudiante y una instituci\u00f3n educativa: bajo rendimiento, problemas de convivencia, llamados de atenci\u00f3n y una sanci\u00f3n adoptada por el colegio. Sin embargo, la Corte Constitucional encontr\u00f3 algo mucho m\u00e1s profundo: una adolescente en situaci\u00f3n de vulnerabilidad fue separada de su proceso educativo mediante una medida desproporcionada, adoptada sin las garant\u00edas m\u00ednimas del debido proceso y sin una lectura real de su contexto familiar, emocional y social.<\/p>\n\n\n\n<p class=\"wp-block-paragraph\">La providencia es especialmente relevante para abogados, rectores, comit\u00e9s escolares de convivencia, secretar\u00edas de educaci\u00f3n, personer\u00edas, comisar\u00edas de familia y profesionales que asesoran instituciones educativas. Su mensaje es claro: los colegios tienen facultad disciplinaria, pero esa facultad no es absoluta. La disciplina escolar debe ser pedag\u00f3gica, preventiva y correctiva, no una v\u00eda r\u00e1pida para excluir a quien m\u00e1s necesita acompa\u00f1amiento.<\/p>\n\n\n\n<p class=\"wp-block-paragraph\">La Corte no neg\u00f3 que los estudiantes tengan deberes ni que los manuales de convivencia puedan establecer consecuencias frente a conductas contrarias a la vida escolar. Lo que record\u00f3 es que una sanci\u00f3n que interrumpe la educaci\u00f3n de una menor de edad exige un est\u00e1ndar constitucional reforzado. Cuando se trata de ni\u00f1os, ni\u00f1as y adolescentes, el derecho disciplinario escolar no puede aplicarse como si el estudiante fuera un expediente m\u00e1s. Debe leerse desde el inter\u00e9s superior del menor, el debido proceso, el enfoque de g\u00e9nero y el enfoque de curso de vida.<\/p>\n\n\n\n<p class=\"wp-block-paragraph\"><strong>El caso: una estudiante vulnerable frente a una sanci\u00f3n extrema<\/strong><\/p>\n\n\n\n<p class=\"wp-block-paragraph\">La acci\u00f3n de tutela fue presentada por la Personer\u00eda de Sasaima, como agente oficioso de Andrea, nombre usado por la Corte para proteger la identidad de la menor de edad. Andrea ten\u00eda 13 a\u00f1os, cursaba sexto grado en el Colegio San Juan Bosco y, seg\u00fan el expediente, enfrentaba dificultades acad\u00e9micas, conflictos de convivencia y un entorno familiar complejo.<\/p>\n\n\n\n<p class=\"wp-block-paragraph\">El colegio sostuvo que la estudiante presentaba bajo rendimiento, interrupciones en clase, comportamientos inadecuados y conversaciones con compa\u00f1eros sobre temas sensibles. Tambi\u00e9n afirm\u00f3 haber adelantado acompa\u00f1amientos con docentes, directivos y orientaci\u00f3n escolar, y haber reportado la situaci\u00f3n a la Comisar\u00eda de Familia, a la Personer\u00eda y a autoridades educativas.<\/p>\n\n\n\n<p class=\"wp-block-paragraph\">Pero el expediente mostraba un elemento decisivo: la propia instituci\u00f3n hab\u00eda informado a la Comisar\u00eda de Familia que Andrea presentaba signos de desprotecci\u00f3n y carencia de cuidados adecuados. Adem\u00e1s, las valoraciones practicadas dentro del caso se\u00f1alaban una historia de vida marcada por situaciones adversas que afectaban su desarrollo emocional. Es decir, el colegio no estaba simplemente frente a una estudiante \u201cindisciplinada\u201d. Estaba frente a una adolescente que requer\u00eda protecci\u00f3n, escucha, articulaci\u00f3n institucional y medidas pedag\u00f3gicas proporcionales.<\/p>\n\n\n\n<p class=\"wp-block-paragraph\">A pesar de ese contexto, el Consejo Directivo del colegio adopt\u00f3 una medida de suspensi\u00f3n o desescolarizaci\u00f3n. Para la Corte, esa decisi\u00f3n no pod\u00eda analizarse \u00fanicamente desde la autonom\u00eda institucional. Deb\u00eda examinarse desde sus efectos reales: interrupci\u00f3n del proceso educativo, afectaci\u00f3n de la permanencia escolar y ausencia de una respuesta integral frente a una menor de edad en situaci\u00f3n de especial protecci\u00f3n.<\/p>\n\n\n\n<p class=\"wp-block-paragraph\"><strong>El debido proceso escolar no es una formalidad<\/strong><\/p>\n\n\n\n<p class=\"wp-block-paragraph\">Uno de los aportes centrales de la sentencia es reiterar que el debido proceso tambi\u00e9n rige en los procedimientos disciplinarios adelantados por instituciones educativas. No se trata de una exigencia decorativa ni de un tecnicismo reservado para tribunales. Cuando un colegio investiga, acusa y sanciona, debe respetar garant\u00edas m\u00ednimas.<\/p>\n\n\n\n<p class=\"wp-block-paragraph\">La Corte record\u00f3 que los manuales de convivencia pueden fijar reglas y sanciones, pero deben ajustarse a la Constituci\u00f3n y a la ley. Por eso, un proceso disciplinario escolar exige, entre otros aspectos, una comunicaci\u00f3n clara de la apertura del tr\u00e1mite, la formulaci\u00f3n precisa de los hechos atribuidos, la identificaci\u00f3n de las normas presuntamente vulneradas, el traslado de las pruebas, la posibilidad real de defensa, una decisi\u00f3n motivada y una sanci\u00f3n proporcional.<\/p>\n\n\n\n<p class=\"wp-block-paragraph\">En el caso de Andrea, la Corte encontr\u00f3 que el colegio no garantiz\u00f3 adecuadamente esas condiciones. La instituci\u00f3n no formul\u00f3 cargos con la claridad constitucional exigida, no asegur\u00f3 un verdadero escenario de contradicci\u00f3n y termin\u00f3 imponiendo una medida que afect\u00f3 directamente el derecho a la educaci\u00f3n. El problema no era solo procedimental. Era material: la sanci\u00f3n produjo desescolarizaci\u00f3n y, con ello, una barrera para la permanencia de la adolescente en el sistema educativo.<\/p>\n\n\n\n<p class=\"wp-block-paragraph\">Para los profesionales, esta regla es fundamental. El manual de convivencia no puede operar como un atajo. Si el colegio no respeta las etapas que \u00e9l mismo prev\u00e9 y las garant\u00edas constitucionales aplicables, la sanci\u00f3n puede quedar sin efectos y la instituci\u00f3n puede ser objeto de \u00f3rdenes de reintegro, ajustes pedag\u00f3gicos, acompa\u00f1amiento y prevenci\u00f3n.<\/p>\n\n\n\n<p class=\"wp-block-paragraph\"><strong>La proporcionalidad: sancionar no es expulsar<\/strong><\/p>\n\n\n\n<p class=\"wp-block-paragraph\">La sentencia insiste en un punto que debe ser le\u00eddo con especial atenci\u00f3n por las instituciones educativas: las sanciones escolares deben tener una finalidad pedag\u00f3gica. Su prop\u00f3sito no es castigar por castigar, ni retirar del aula al estudiante que representa una dificultad institucional. Su finalidad es corregir, formar, generar conciencia y proteger la convivencia sin sacrificar de manera innecesaria el derecho a la educaci\u00f3n.<\/p>\n\n\n\n<p class=\"wp-block-paragraph\">Por eso, la Corte reiter\u00f3 que la expulsi\u00f3n, la no renovaci\u00f3n de matr\u00edcula o cualquier medida que produzca desescolarizaci\u00f3n debe ser excepcional. Solo puede admitirse cuando exista una causal previamente establecida, cuando la conducta tenga la gravedad suficiente, cuando se haya respetado plenamente el debido proceso y cuando la medida resulte razonable frente a las condiciones del estudiante.<\/p>\n\n\n\n<p class=\"wp-block-paragraph\">En este caso, la Corte consider\u00f3 que la desescolarizaci\u00f3n de Andrea fue abiertamente desproporcionada. La medida no atendi\u00f3 de manera adecuada su edad, su grado de madurez, su contexto familiar, sus condiciones emocionales ni los efectos que tendr\u00eda la separaci\u00f3n del entorno escolar. Adem\u00e1s, la instituci\u00f3n hab\u00eda tenido conocimiento de circunstancias que exig\u00edan activar redes de apoyo, no simplemente excluirla del aula.<\/p>\n\n\n\n<p class=\"wp-block-paragraph\">La regla pr\u00e1ctica es clara: antes de adoptar una medida que interrumpa el proceso educativo, el colegio debe demostrar que agot\u00f3 alternativas pedag\u00f3gicas razonables, que dialog\u00f3 con las instancias correspondientes, que valor\u00f3 el contexto del estudiante y que la sanci\u00f3n es realmente necesaria. Si la respuesta institucional agrava la vulnerabilidad del menor, la sanci\u00f3n deja de ser correcci\u00f3n y se convierte en desprotecci\u00f3n.<\/p>\n\n\n\n<p class=\"wp-block-paragraph\"><strong>Enfoque de g\u00e9nero y curso de vida: mirar a la estudiante completa<\/strong><\/p>\n\n\n\n<p class=\"wp-block-paragraph\">La T-004 de 2026 tambi\u00e9n es importante porque incorpora dos herramientas de an\u00e1lisis que no pueden ser ignoradas en asuntos escolares: el enfoque de g\u00e9nero y el enfoque de curso de vida.<\/p>\n\n\n\n<p class=\"wp-block-paragraph\">La Corte advirti\u00f3 que la instituci\u00f3n educativa no atendi\u00f3 el enfoque de g\u00e9nero. En lugar de valorar las circunstancias de vulnerabilidad de Andrea, asumi\u00f3 que la falta de un n\u00facleo familiar estable era una situaci\u00f3n atribuible a ella. Para la Sala, esa lectura desconoc\u00eda que se trataba de una adolescente con una historia de vida compleja, atravesada por violencias y dificultades que se expresaban dentro del entorno escolar.<\/p>\n\n\n\n<p class=\"wp-block-paragraph\">El enfoque de curso de vida, por su parte, exige mirar c\u00f3mo las decisiones adoptadas en la adolescencia pueden afectar el desarrollo emocional, social y educativo de una persona. Una sanci\u00f3n escolar no se agota en el d\u00eda en que se impone. Puede marcar la trayectoria educativa, profundizar sentimientos de rechazo, cortar redes de apoyo y aumentar riesgos personales.<\/p>\n\n\n\n<p class=\"wp-block-paragraph\">Por eso, la Corte sostuvo que la escuela deb\u00eda funcionar como un entorno seguro, deliberante y protector. No bastaba con se\u00f1alar faltas. Era necesario abrir espacios de conversaci\u00f3n, activar rutas de atenci\u00f3n, coordinar con autoridades competentes y construir alternativas que permitieran sostener a la estudiante en un momento evidente de dificultad familiar y personal.<\/p>\n\n\n\n<p class=\"wp-block-paragraph\"><strong>Responsabilidad institucional: colegio, comisar\u00eda y secretar\u00edas de educaci\u00f3n<\/strong><\/p>\n\n\n\n<p class=\"wp-block-paragraph\">La providencia no se limit\u00f3 a examinar la conducta del colegio. Tambi\u00e9n llam\u00f3 la atenci\u00f3n sobre la necesidad de una articulaci\u00f3n real entre instituciones. En casos de menores de edad con situaciones familiares, emocionales o sociales complejas, el colegio no puede actuar aislado, pero tampoco puede descargar su responsabilidad en otras autoridades.<\/p>\n\n\n\n<p class=\"wp-block-paragraph\">La Corte se\u00f1al\u00f3 que deb\u00eda existir coordinaci\u00f3n entre instituci\u00f3n educativa, Comisar\u00eda de Familia, Personer\u00eda y secretar\u00edas de educaci\u00f3n. Esa coordinaci\u00f3n no es un tr\u00e1mite adicional: es una condici\u00f3n para que las decisiones sobre una menor de edad se adopten con informaci\u00f3n suficiente, mirada interdisciplinaria y respeto por su inter\u00e9s superior.<\/p>\n\n\n\n<p class=\"wp-block-paragraph\">Tambi\u00e9n observ\u00f3 que las secretar\u00edas de educaci\u00f3n no realizaron actuaciones efectivas de inspecci\u00f3n, vigilancia y control frente a la situaci\u00f3n de Andrea. Y respecto de la Comisar\u00eda de Familia, aunque reconoci\u00f3 actuaciones importantes posteriores, advirti\u00f3 que no hubo una articulaci\u00f3n institucional suficiente frente a la desescolarizaci\u00f3n.<\/p>\n\n\n\n<p class=\"wp-block-paragraph\">La decisi\u00f3n final reflej\u00f3 esa visi\u00f3n integral. La Corte dej\u00f3 sin efectos el procedimiento disciplinario y la sanci\u00f3n, orden\u00f3 borrar las anotaciones disciplinarias derivadas de esa actuaci\u00f3n, dispuso la articulaci\u00f3n entre colegio y Comisar\u00eda para evaluar el entorno escolar m\u00e1s adecuado, previ\u00f3 el reintegro si respond\u00eda al inter\u00e9s superior de Andrea y si ella manifestaba su voluntad, y orden\u00f3 acompa\u00f1amiento psicol\u00f3gico y seguimiento institucional.<\/p>\n\n\n\n<p class=\"wp-block-paragraph\"><strong>Lecciones para profesionales<\/strong><\/p>\n\n\n\n<p class=\"wp-block-paragraph\">La primera lecci\u00f3n es que el debido proceso escolar debe dise\u00f1arse y aplicarse con el mismo rigor con el que se invoca. No basta tener un manual de convivencia. Es necesario que el manual contenga reglas compatibles con la Constituci\u00f3n y que la instituci\u00f3n las cumpla en cada caso concreto.<\/p>\n\n\n\n<p class=\"wp-block-paragraph\">La segunda lecci\u00f3n es que la proporcionalidad debe probarse. Si una instituci\u00f3n adopta una medida que afecta la permanencia escolar, debe estar en capacidad de demostrar por qu\u00e9 era necesaria, qu\u00e9 alternativas menos gravosas se intentaron y c\u00f3mo se valor\u00f3 el contexto personal del estudiante.<\/p>\n\n\n\n<p class=\"wp-block-paragraph\">La tercera lecci\u00f3n es que las situaciones de vulnerabilidad no pueden convertirse en razones para sancionar con mayor dureza. Cuando el expediente muestra desprotecci\u00f3n, violencia, abandono o dificultades emocionales, la respuesta institucional debe activar mayor cuidado, no mayor exclusi\u00f3n.<\/p>\n\n\n\n<p class=\"wp-block-paragraph\">La cuarta lecci\u00f3n es que las personer\u00edas y comisar\u00edas de familia tienen un papel estrat\u00e9gico. No solo deben reaccionar cuando ya existe una sanci\u00f3n, sino promover articulaci\u00f3n temprana, seguimiento y rutas de protecci\u00f3n que permitan evitar la desescolarizaci\u00f3n.<\/p>\n\n\n\n<p class=\"wp-block-paragraph\">La quinta lecci\u00f3n es que la autonom\u00eda escolar tiene l\u00edmites constitucionales. Los colegios pueden formar, corregir y sancionar, pero no pueden sacrificar el derecho a la educaci\u00f3n ni desconocer el inter\u00e9s superior de los ni\u00f1os, ni\u00f1as y adolescentes.<\/p>\n\n\n\n<p class=\"wp-block-paragraph\"><strong>Recomendaciones pr\u00e1cticas para instituciones educativas<\/strong><\/p>\n\n\n\n<p class=\"wp-block-paragraph\">La sentencia permite formular recomendaciones concretas para prevenir riesgos constitucionales en procesos disciplinarios escolares. La primera es revisar peri\u00f3dicamente el manual de convivencia y verificar que las faltas, sanciones, etapas y recursos est\u00e9n redactados con claridad. Una regla ambigua puede convertirse en un problema jur\u00eddico cuando se usa para justificar una sanci\u00f3n grave.<\/p>\n\n\n\n<p class=\"wp-block-paragraph\">La segunda es documentar cada actuaci\u00f3n. Citaciones, informes, pruebas, descargos, reuniones con acudientes, intervenci\u00f3n del comit\u00e9 de convivencia y decisiones finales deben quedar soportadas. La ausencia de trazabilidad debilita la defensa institucional y puede demostrar arbitrariedad.<\/p>\n\n\n\n<p class=\"wp-block-paragraph\">La tercera es diferenciar acompa\u00f1amiento de sanci\u00f3n. Hablar con el estudiante, remitirlo a orientaci\u00f3n o convocar al acudiente no reemplaza un proceso disciplinario cuando la consecuencia ser\u00e1 grave. Si la medida puede afectar la permanencia escolar, debe existir un tr\u00e1mite formal y garantista.<\/p>\n\n\n\n<p class=\"wp-block-paragraph\">La cuarta es activar rutas de protecci\u00f3n cuando el caso revela violencia, abandono, salud mental o desprotecci\u00f3n familiar. En esos eventos, el colegio debe actuar de manera coordinada con comisar\u00edas, personer\u00edas y autoridades educativas, sin trasladar toda la carga al estudiante.<\/p>\n\n\n\n<p class=\"wp-block-paragraph\">La quinta es recordar que la sanci\u00f3n debe educar. Una medida que rompe el v\u00ednculo escolar sin ofrecer alternativas de formaci\u00f3n, cuidado y seguimiento dif\u00edcilmente supera el examen constitucional.<\/p>\n\n\n\n<p class=\"wp-block-paragraph\"><strong>Conclusi\u00f3n<\/strong><\/p>\n\n\n\n<p class=\"wp-block-paragraph\">La Sentencia T-004 de 2026 no es solo una decisi\u00f3n sobre una estudiante sancionada. Es una advertencia constitucional sobre los riesgos de convertir la disciplina escolar en una forma de abandono institucional.<\/p>\n\n\n\n<p class=\"wp-block-paragraph\">Su ense\u00f1anza m\u00e1s importante es que la escuela no puede expulsar simb\u00f3lica o materialmente a quien necesita una red de apoyo. En contextos de vulnerabilidad, el deber educativo no se reduce a exigir comportamiento. Tambi\u00e9n implica comprender, orientar, proteger y corregir sin romper el v\u00ednculo formativo.<\/p>\n\n\n\n<p class=\"wp-block-paragraph\">Para los profesionales, esta providencia deja una regla de alto valor pr\u00e1ctico: una sanci\u00f3n escolar ser\u00e1 constitucionalmente fr\u00e1gil si no respeta el debido proceso, si no tiene finalidad pedag\u00f3gica, si no es proporcional y si desconoce el contexto de vida del estudiante.<\/p>\n\n\n\n<p class=\"wp-block-paragraph\">Porque desescolarizar no siempre corrige. A veces profundiza la herida. Y cuando el derecho a la educaci\u00f3n de una menor de edad est\u00e1 en juego, la respuesta institucional debe ser m\u00e1s humana, m\u00e1s cuidadosa y m\u00e1s constitucional.<\/p>\n\n\n\n<p class=\"wp-block-paragraph\">Balance Legal<\/p>\n\n\n\n<p class=\"wp-block-paragraph\"><\/p>\n","protected":false},"excerpt":{"rendered":"<p>Desescolarizar no es corregir: la lecci\u00f3n constitucional de la T-004 de 2026 sobre debido proceso escolar Art\u00edculo para profesionales | Balance Legal Fuente: Corte Constitucional, Sala Segunda de Revisi\u00f3n, Sentencia T-004 de 2026, expediente T-11.315.278, 28 de enero de 2026. \u2014 Introducci\u00f3n Hay decisiones que obligan a mirar la disciplina escolar con mayor seriedad constitucional.<\/p>\n","protected":false},"author":2,"featured_media":0,"comment_status":"open","ping_status":"open","sticky":false,"template":"","format":"standard","meta":{"_uag_custom_page_level_css":"","footnotes":""},"categories":[5],"tags":[],"class_list":["post-2592","post","type-post","status-publish","format-standard","hentry","category-noticias"],"uagb_featured_image_src":{"full":false,"thumbnail":false,"medium":false,"medium_large":false,"large":false,"1536x1536":false,"2048x2048":false,"newsx-150x100":false,"newsx-330x220":false,"newsx-420x280":false,"newsx-510x340":false,"newsx-640x480":false,"newsx-670x370":false,"newsx-860x570":false,"newsx-1000x750":false,"newsx-1200x600":false},"uagb_author_info":{"display_name":"Luis Jimenez","author_link":"https:\/\/balancelegal.co\/?author=2"},"uagb_comment_info":0,"uagb_excerpt":"Desescolarizar no es corregir: la lecci\u00f3n constitucional de la T-004 de 2026 sobre debido proceso escolar Art\u00edculo para profesionales | Balance Legal Fuente: Corte Constitucional, Sala Segunda de Revisi\u00f3n, Sentencia T-004 de 2026, expediente T-11.315.278, 28 de enero de 2026. \u2014 Introducci\u00f3n Hay decisiones que obligan a mirar la disciplina escolar con mayor seriedad constitucional.","_links":{"self":[{"href":"https:\/\/balancelegal.co\/index.php?rest_route=\/wp\/v2\/posts\/2592","targetHints":{"allow":["GET"]}}],"collection":[{"href":"https:\/\/balancelegal.co\/index.php?rest_route=\/wp\/v2\/posts"}],"about":[{"href":"https:\/\/balancelegal.co\/index.php?rest_route=\/wp\/v2\/types\/post"}],"author":[{"embeddable":true,"href":"https:\/\/balancelegal.co\/index.php?rest_route=\/wp\/v2\/users\/2"}],"replies":[{"embeddable":true,"href":"https:\/\/balancelegal.co\/index.php?rest_route=%2Fwp%2Fv2%2Fcomments&post=2592"}],"version-history":[{"count":1,"href":"https:\/\/balancelegal.co\/index.php?rest_route=\/wp\/v2\/posts\/2592\/revisions"}],"predecessor-version":[{"id":2593,"href":"https:\/\/balancelegal.co\/index.php?rest_route=\/wp\/v2\/posts\/2592\/revisions\/2593"}],"wp:attachment":[{"href":"https:\/\/balancelegal.co\/index.php?rest_route=%2Fwp%2Fv2%2Fmedia&parent=2592"}],"wp:term":[{"taxonomy":"category","embeddable":true,"href":"https:\/\/balancelegal.co\/index.php?rest_route=%2Fwp%2Fv2%2Fcategories&post=2592"},{"taxonomy":"post_tag","embeddable":true,"href":"https:\/\/balancelegal.co\/index.php?rest_route=%2Fwp%2Fv2%2Ftags&post=2592"}],"curies":[{"name":"wp","href":"https:\/\/api.w.org\/{rel}","templated":true}]}}